{"id":828,"date":"2024-04-25T06:13:00","date_gmt":"2024-04-25T03:13:00","guid":{"rendered":"http:\/\/tplabs.co\/agrios\/?p=828"},"modified":"2025-04-23T01:57:20","modified_gmt":"2025-04-22T22:57:20","slug":"sirketimiz-gelistirdigi-ekmeklik-bugday-ve-makarnalik-bugday-cesitleri-tescil-edildi","status":"publish","type":"post","link":"https:\/\/maro.dcabilisim.com\/en\/sirketimiz-gelistirdigi-ekmeklik-bugday-ve-makarnalik-bugday-cesitleri-tescil-edildi\/","title":{"rendered":"\u015eirketimiz geli\u015ftirdi\u011fi ekmeklik bu\u011fday ve makarnal\u0131k bu\u011fday \u00e7e\u015fitleri tescil edildi"},"content":{"rendered":"<p>\u015eirketimiz taraf\u0131ndan geli\u015ftirilen iki yeni k\u0131\u015fl\u0131k ekmeklik bu\u011fday &#8220;MAR\u0130BO&#8221; ve &#8220;MAR\u0130NA&#8221; ile&nbsp;bir yeni k\u0131\u015fl\u0131k makarnal\u0131k bu\u011fday \u00e7e\u015fidi &#8220;MARGOLD&#8221; Serin \u0130klim Tah\u0131llar\u0131 Tescil Komitesi toplant\u0131s\u0131 sonucunda tescil edildi.<\/p>\n\n\n\n<p>Maro Tar\u0131m &#8216;\u0131n geni\u015f adaptasyon kabiliyeti olan yeni ekmeklik ve makarnal\u0131k bu\u011fday \u00e7e\u015fitleri \u0130\u00e7&nbsp;Anadolu, Do\u011fu Anadolu&nbsp;ve Trakya b\u00f6lgeleri ba\u015fta olmak \u00fczere T\u00fcrk \u00e7ift\u00e7isinin hizmetine sunulacak.<\/p>\n\n\n\n<p>Tescil edilen yeni bu\u011fday tohumu \u00e7e\u015fitlerimizin T\u00fcrk tar\u0131m\u0131na ve T\u00fcrk \u00e7ift\u00e7isine hay\u0131rl\u0131 ve bereketli olmas\u0131n\u0131 temenni ediyoruz.<\/p>\n\n\n\n<p><\/p>\n\n    <div class=\"xs_social_share_widget xs_share_url after_content \t\tmain_content  wslu-style-1 wslu-share-box-shaped wslu-fill-colored wslu-none wslu-share-horizontal wslu-theme-font-no wslu-main_content\">\n\n\t\t\n        <ul>\n\t\t\t        <\/ul>\n    <\/div>","protected":false},"excerpt":{"rendered":"<p>\u015eirketimiz taraf\u0131ndan geli\u015ftirilen iki yeni k\u0131\u015fl\u0131k ekmeklik bu\u011fday &#8220;MAR\u0130BO&#8221; ve &#8220;MAR\u0130NA&#8221; ile&nbsp;bir yeni k\u0131\u015fl\u0131k makarnal\u0131k bu\u011fday \u00e7e\u015fidi &#8220;MARGOLD&#8221; Serin \u0130klim Tah\u0131llar\u0131 Tescil Komitesi toplant\u0131s\u0131 sonucunda tescil edildi. Maro Tar\u0131m &#8216;\u0131n geni\u015f adaptasyon kabiliyeti olan yeni ekmeklik ve makarnal\u0131k bu\u011fday \u00e7e\u015fitleri \u0130\u00e7&nbsp;Anadolu, Do\u011fu Anadolu&nbsp;ve Trakya b\u00f6lgeleri ba\u015fta olmak \u00fczere T\u00fcrk \u00e7ift\u00e7isinin hizmetine sunulacak. Tescil edilen yeni [&hellip;]<\/p>","protected":false},"author":1,"featured_media":4013,"comment_status":"closed","ping_status":"closed","sticky":false,"template":"","format":"standard","meta":{"inline_featured_image":false,"footnotes":""},"categories":[1],"tags":[],"class_list":["post-828","post","type-post","status-publish","format-standard","has-post-thumbnail","hentry","category-genel"],"_links":{"self":[{"href":"https:\/\/maro.dcabilisim.com\/en\/wp-json\/wp\/v2\/posts\/828","targetHints":{"allow":["GET"]}}],"collection":[{"href":"https:\/\/maro.dcabilisim.com\/en\/wp-json\/wp\/v2\/posts"}],"about":[{"href":"https:\/\/maro.dcabilisim.com\/en\/wp-json\/wp\/v2\/types\/post"}],"author":[{"embeddable":true,"href":"https:\/\/maro.dcabilisim.com\/en\/wp-json\/wp\/v2\/users\/1"}],"replies":[{"embeddable":true,"href":"https:\/\/maro.dcabilisim.com\/en\/wp-json\/wp\/v2\/comments?post=828"}],"version-history":[{"count":1,"href":"https:\/\/maro.dcabilisim.com\/en\/wp-json\/wp\/v2\/posts\/828\/revisions"}],"predecessor-version":[{"id":4012,"href":"https:\/\/maro.dcabilisim.com\/en\/wp-json\/wp\/v2\/posts\/828\/revisions\/4012"}],"wp:featuredmedia":[{"embeddable":true,"href":"https:\/\/maro.dcabilisim.com\/en\/wp-json\/wp\/v2\/media\/4013"}],"wp:attachment":[{"href":"https:\/\/maro.dcabilisim.com\/en\/wp-json\/wp\/v2\/media?parent=828"}],"wp:term":[{"taxonomy":"category","embeddable":true,"href":"https:\/\/maro.dcabilisim.com\/en\/wp-json\/wp\/v2\/categories?post=828"},{"taxonomy":"post_tag","embeddable":true,"href":"https:\/\/maro.dcabilisim.com\/en\/wp-json\/wp\/v2\/tags?post=828"}],"curies":[{"name":"wp","href":"https:\/\/api.w.org\/{rel}","templated":true}]}}